{"id":49037,"global_id":"torrent.es\/va\/?id=49037","global_id_lineage":["torrent.es\/va\/?id=49037"],"author":"15","status":"publish","date":"2024-02-07 17:24:08","date_utc":"2024-02-07 17:24:08","modified":"2024-02-07 17:24:08","modified_utc":"2024-02-07 17:24:08","url":"https:\/\/torrent.es\/va\/evento\/exposicio-quan-mentra-el-desfici\/","rest_url":"https:\/\/torrent.es\/va\/wp-json\/tribe\/events\/v1\/events\/49037","title":"Exposici\u00f3 &#8220;Quan m&#8217;entra el desfici&#8221;","description":"<p><span class=\"x193iq5w xeuugli x13faqbe x1vvkbs x1xmvt09 x1lliihq x1s928wv xhkezso x1gmr53x x1cpjm7i x1fgarty x1943h6x xudqn12 x3x7a5m x6prxxf xvq8zen xo1l8bm xzsf02u\" dir=\"auto\">Sense pla per a este dijous? Et convidem a con\u00e9ixer a nova exposici\u00f3 de la m\u00e0 de J. Daniel Sanz &#8220;Quan m&#8217;entra el desfici&#8221;.<\/p>\n<p>Inauguraci\u00f3 el dijous, 8 de febrer a les 19:30 hores en el EMAT.<\/span><\/p>\n<p>Podr\u00e0 visitar-se fins el pr\u00f2xim 20 de mar\u00e7 de 2024 en horari de dilluns a divendres, de 17 a 20 hores i dissabtes de 10 a 14 hores. Els diumenges i festius romandr\u00e0 tancada. Als matins podr\u00e0 concertar-se visites per a m\u00e9s de 10 persones en el correu visitestorrent@torrent.es.<\/p>","excerpt":"","slug":"exposicio-quan-mentra-el-desfici","image":{"url":"https:\/\/torrent.es\/wp-content\/uploads\/2024\/02\/DESTACADOS-AGENDA-TORRENT.es32.png","id":49034,"extension":"png","width":530,"height":714,"filesize":518747,"sizes":{"medium":{"width":223,"height":300,"mime-type":"image\/png","filesize":94019,"url":"https:\/\/torrent.es\/wp-content\/uploads\/2024\/02\/DESTACADOS-AGENDA-TORRENT.es32-223x300.png"},"thumbnail":{"width":150,"height":150,"mime-type":"image\/png","filesize":36867,"url":"https:\/\/torrent.es\/wp-content\/uploads\/2024\/02\/DESTACADOS-AGENDA-TORRENT.es32-150x150.png"},"tp-image-grid":{"width":530,"height":700,"mime-type":"image\/png","filesize":499394,"url":"https:\/\/torrent.es\/wp-content\/uploads\/2024\/02\/DESTACADOS-AGENDA-TORRENT.es32-530x700.png"}}},"all_day":false,"start_date":"2024-02-08 19:30:00","start_date_details":{"year":"2024","month":"02","day":"08","hour":"19","minutes":"30","seconds":"00"},"end_date":"2024-03-20 19:30:00","end_date_details":{"year":"2024","month":"03","day":"20","hour":"19","minutes":"30","seconds":"00"},"utc_start_date":"2024-02-08 19:30:00","utc_start_date_details":{"year":"2024","month":"02","day":"08","hour":"19","minutes":"30","seconds":"00"},"utc_end_date":"2024-03-20 19:30:00","utc_end_date_details":{"year":"2024","month":"03","day":"20","hour":"19","minutes":"30","seconds":"00"},"timezone":"UTC+0","timezone_abbr":"UTC+0","cost":"","cost_details":{"currency_symbol":"","currency_code":"","currency_position":"","values":[]},"website":"https:\/\/infotorrent.es\/cultura-noticias-2-2\/el-emat-acoge-quan-mentra-el-desfici-de-daniel-sanz\/","show_map":false,"show_map_link":true,"hide_from_listings":false,"sticky":false,"featured":false,"categories":[{"name":"Cultura","slug":"cultura-va","term_group":0,"term_taxonomy_id":826,"taxonomy":"tribe_events_cat","description":"","parent":0,"count":14,"filter":"raw","id":826,"urls":{"self":"https:\/\/torrent.es\/va\/wp-json\/tribe\/events\/v1\/categories\/826","collection":"https:\/\/torrent.es\/va\/wp-json\/tribe\/events\/v1\/categories"}}],"tags":[],"venue":{"id":45875,"author":"15","status":"publish","date":"2023-11-20 07:57:07","date_utc":"2023-11-20 07:57:07","modified":"2023-11-20 07:57:07","modified_utc":"2023-11-20 07:57:07","url":"https:\/\/torrent.es\/lloc\/emat\/","venue":"EMAT","slug":"emat","address":"Avenida al Vedat, 103","city":"Torrent","country":"Espa\u00f1a","province":"Valencia","zip":"46900","stateprovince":"Valencia","json_ld":{"@type":"Place","name":"EMAT","description":"","url":"https:\/\/torrent.es\/lloc\/emat\/","address":{"@type":"PostalAddress","streetAddress":"Avenida al Vedat, 103","addressLocality":"Torrent","addressRegion":"Valencia","postalCode":"46900","addressCountry":"Espa\u00f1a"},"telephone":"","sameAs":""},"show_map":true,"show_map_link":true,"global_id":"torrent.es\/va\/?id=45875","global_id_lineage":["torrent.es\/va\/?id=45875"]},"organizer":[{"id":45603,"author":"15","status":"publish","date":"2023-11-15 08:55:15","date_utc":"2023-11-15 08:55:15","modified":"2023-11-15 08:55:15","modified_utc":"2023-11-15 08:55:15","url":"https:\/\/torrent.es\/organizador\/regidoria-de-cultura\/","organizer":"Regidoria de Cultura","slug":"regidoria-de-cultura","json_ld":{"@type":"Person","name":"Regidoria de Cultura","description":"","url":"","telephone":"","email":"","sameAs":""},"global_id":"torrent.es\/va\/?id=45603","global_id_lineage":["torrent.es\/va\/?id=45603"]}],"json_ld":{"@context":"http:\/\/schema.org","@type":"Event","name":"Exposici\u00f3 &#8220;Quan m&#8217;entra el desfici&#8221;","description":"&lt;p&gt;Sense pla per a este dijous? Et convidem a con\u00e9ixer a nova exposici\u00f3 de la m\u00e0 de J. Daniel Sanz &quot;Quan m\\'entra el desfici&quot;. Inauguraci\u00f3 el dijous, 8 de febrer [&hellip;]&lt;\/p&gt;\\n","image":"https:\/\/torrent.es\/wp-content\/uploads\/2024\/02\/DESTACADOS-AGENDA-TORRENT.es32.png","url":"https:\/\/torrent.es\/va\/evento\/exposicio-quan-mentra-el-desfici\/","eventAttendanceMode":"https:\/\/schema.org\/OfflineEventAttendanceMode","eventStatus":"https:\/\/schema.org\/EventScheduled","startDate":"2024-02-08T19:30:00+00:00","endDate":"2024-03-20T19:30:00+00:00","location":{"@type":"Place","name":"EMAT","description":"","url":"https:\/\/torrent.es\/lloc\/emat\/","address":{"@type":"PostalAddress","streetAddress":"Avenida al Vedat, 103","addressLocality":"Torrent","addressRegion":"Valencia","postalCode":"46900","addressCountry":"Espa\u00f1a"},"telephone":"","sameAs":""},"organizer":{"@type":"Person","name":"Regidoria de Cultura","description":"","url":"","telephone":"","email":"","sameAs":""},"performer":"Organization"}}